{"id":2323,"date":"2019-10-15T19:36:26","date_gmt":"2019-10-15T18:36:26","guid":{"rendered":"https:\/\/www.cto.patothom.org\/?p=2323"},"modified":"2019-10-24T13:02:54","modified_gmt":"2019-10-24T12:02:54","slug":"cultura-per-la-llibertat","status":"publish","type":"post","link":"https:\/\/www.patothom.org\/es\/cultura-per-la-llibertat\/","title":{"rendered":"CULTURA POR LA LIBERTAD"},"content":{"rendered":"<strong>COMUNICADO<\/strong><\/p>\n<p><strong>Forn de teatre Pa&#8217;tothom<\/strong><\/p>\n<p>&nbsp;<\/p>\n<p>En relaci\u00f3n a la publicaci\u00f3n de la Sentencia del Tribunal Supremo en el juicio a los l\u00edderes de la sociedad civil y representantes pol\u00edticos.<\/p>\n<p>De entrada aclaramos que con este comunicado entendemos que hemos llegado a una situaci\u00f3n l\u00edmite por la que estamos sufriendo una regresi\u00f3n de nuestros derechos y libertades como ciudadanas. Esta sentencia supone un grave retroceso democr\u00e1tico en el ejercicio de los derechos y libertades individuales y colectivos.<\/p>\n<p>La libertad de expresi\u00f3n y de manifestaci\u00f3n en un pa\u00eds que se considera democr\u00e1tico no deber\u00eda permitir que puedan encarcelar a las personas por sus ideas pol\u00edticas. Actualmente toda disidencia es motivo para poner en marcha un proceso judicial (como a los artistas).<\/p>\n<p>Por eso, desde nuestra entidad decidimos <strong>cerrar el d\u00eda 18 de octubre<\/strong>, en se\u00f1al de protesta por los actos represivos del Estado y para sumarnos las convocatorias en defensa de las personas represaliadas.<\/p>\n<p>Queremos reivindicar la libertad de expresi\u00f3n, la de manifestaci\u00f3n, la pluralidad pol\u00edtica, la diversidad ideol\u00f3gica y el derecho al ejercicio de la cultura.<\/p>\n<p>Y ya que estamos, pedimos la libertad los presos y las presas pol\u00edticos para considerarlo injusto.<\/p>\n<p>&nbsp;<\/p>\n<p>Hecho en Barcelona el 15 de octubre del 2019<\/p>\n<p>&nbsp;<\/p>\n<p>&nbsp;<\/p>\n<p>&nbsp;<\/p>\n<p>&nbsp;<\/p>\n<p>&nbsp;","protected":false},"excerpt":{"rendered":"<p>COMUNICADO Forn de teatre Pa&#8217;tothom &nbsp; En relaci\u00f3n a la publicaci\u00f3n de la Sentencia del Tribunal Supremo en el juicio a los l\u00edderes de la sociedad civil y representantes pol\u00edticos. De entrada aclaramos que con este comunicado entendemos que hemos llegado a una situaci\u00f3n l\u00edmite por la que estamos sufriendo una regresi\u00f3n de nuestros derechos<a class=\"moretag\" href=\"https:\/\/www.patothom.org\/es\/cultura-per-la-llibertat\/\" title=\"CULTURA POR LA LIBERTAD\" target=\"_self\" rel=\"follow\"> Leer + <\/a><\/p>\n","protected":false},"author":5,"featured_media":2324,"comment_status":"closed","ping_status":"closed","sticky":false,"template":"","format":"standard","meta":{"footnotes":""},"categories":[3],"tags":[22,387,386],"_links":{"self":[{"href":"https:\/\/www.patothom.org\/es\/wp-json\/wp\/v2\/posts\/2323"}],"collection":[{"href":"https:\/\/www.patothom.org\/es\/wp-json\/wp\/v2\/posts"}],"about":[{"href":"https:\/\/www.patothom.org\/es\/wp-json\/wp\/v2\/types\/post"}],"author":[{"embeddable":true,"href":"https:\/\/www.patothom.org\/es\/wp-json\/wp\/v2\/users\/5"}],"replies":[{"embeddable":true,"href":"https:\/\/www.patothom.org\/es\/wp-json\/wp\/v2\/comments?post=2323"}],"version-history":[{"count":0,"href":"https:\/\/www.patothom.org\/es\/wp-json\/wp\/v2\/posts\/2323\/revisions"}],"wp:featuredmedia":[{"embeddable":true,"href":"https:\/\/www.patothom.org\/es\/wp-json\/wp\/v2\/media\/2324"}],"wp:attachment":[{"href":"https:\/\/www.patothom.org\/es\/wp-json\/wp\/v2\/media?parent=2323"}],"wp:term":[{"taxonomy":"category","embeddable":true,"href":"https:\/\/www.patothom.org\/es\/wp-json\/wp\/v2\/categories?post=2323"},{"taxonomy":"post_tag","embeddable":true,"href":"https:\/\/www.patothom.org\/es\/wp-json\/wp\/v2\/tags?post=2323"}],"curies":[{"name":"wp","href":"https:\/\/api.w.org\/{rel}","templated":true}]}}