{"id":2454,"date":"2020-01-31T14:44:26","date_gmt":"2020-01-31T13:44:26","guid":{"rendered":"https:\/\/www.cto.patothom.org\/?p=2454"},"modified":"2020-03-05T14:16:10","modified_gmt":"2020-03-05T13:16:10","slug":"4-xerrades-sobre-islamofobia","status":"publish","type":"post","link":"https:\/\/www.patothom.org\/es\/4-xerrades-sobre-islamofobia\/","title":{"rendered":"4 charlas sobre islamofobia"},"content":{"rendered":"<p lang=\"es-ES\"><strong>CONFERENCIAS<\/strong><br \/>\n<strong>\u00bfIslamofobia? Un fen\u00f3meno a combatir<\/strong><\/p>\n<p lang=\"es-ES\"><span style=\"font-family: Trebuchet MS, sans-serif;\"><span style=\"font-size: small;\"><em>S\u00e1bado 08 de febrero a las 11h: <\/em><em><b>Lola L\u00f3pez.<\/b><\/em><em> Antrop\u00f3loga. Experiencia en temas de interculturalidad y convivencia en <\/em><em>la<\/em><em> diversidad. Impulsora pol\u00edtica del Plan de Lucha contra la Islamofobia del Ayuntamiento de Barcelona. Miembro fundadora del colectivo Stop A los <\/em><em>F<\/em><em>en\u00f3menos Islam\u00f2fobs (SAFI).<\/em><\/span><\/span><\/p>\n<p lang=\"es-ES\"><span style=\"font-family: Trebuchet MS, sans-serif;\"><span style=\"font-size: small;\"><em>Viernes, 21 de febrero a las 19h: <\/em><em><b>Hend Bautista<\/b><\/em><em>, fil\u00f3loga, psic\u00f3loga especializada en identidades sociales, investigadora a la UNED y colaboradora con AUDIR.<br \/>\n<\/em><\/span><\/span><\/p>\n<p lang=\"es-ES\"><span style=\"font-family: Trebuchet MS, sans-serif;\"><span style=\"font-size: small;\"><em>S\u00e1bado, 7 de marzo a las 11h: <\/em><em><b>Mustapha Aoulad Sellam<\/b><\/em><em>, fue presidente de SAFI y <\/em><em>colabor\u00f3<\/em><em> en el Plan de lucha contra la islamofobia de BCN. Explicar\u00e1 temas de cariz t\u00e9cnico- <\/em><em>pol\u00edticos.<\/em><em><br \/>\n<\/em><\/span><\/span><\/p>\n<p><em><span style=\"font-family: Trebuchet MS, sans-serif;\"><span style=\"font-size: small;\"><span lang=\"es-ES\">Viernes,<\/span><\/span><\/span><\/em><em><span style=\"font-family: Trebuchet MS, sans-serif;\"><span style=\"font-size: small;\"><span lang=\"es-ES\"> 2<\/span><\/span><\/span><\/em><em><span style=\"font-family: Trebuchet MS, sans-serif;\"><span style=\"font-size: small;\"><span lang=\"es-ES\">0<\/span><\/span><\/span><\/em><em><span style=\"font-family: Trebuchet MS, sans-serif;\"><span style=\"font-size: small;\"><span lang=\"es-ES\"> de marzo a las 1<\/span><\/span><\/span><\/em><em><span style=\"font-family: Trebuchet MS, sans-serif;\"><span style=\"font-size: small;\"><span lang=\"es-ES\">9<\/span><\/span><\/span><\/em><em><span style=\"font-family: Trebuchet MS, sans-serif;\"><span style=\"font-size: small;\"><span lang=\"es-ES\">h <\/span><\/span><\/span><\/em><em><span style=\"font-family: Trebuchet MS, sans-serif;\"><span style=\"font-size: small;\">(no <\/span><\/span><\/em><em><span style=\"font-family: Trebuchet MS, sans-serif;\"><span style=\"font-size: small;\">\u00e9s<\/span><\/span><\/em> <em><span style=\"font-family: Trebuchet MS, sans-serif;\"><span style=\"font-size: small;\">oberta<\/span><\/span><\/em><em><span style=\"font-family: Trebuchet MS, sans-serif;\"><span style=\"font-size: small;\"> al p\u00fablic)<\/span><\/span><\/em><em><span style=\"font-family: Trebuchet MS, sans-serif;\"><span style=\"font-size: small;\"><span lang=\"es-ES\">: <\/span><\/span><\/span><\/em><em><span style=\"font-family: Trebuchet MS, sans-serif;\"><span style=\"font-size: small;\"><span lang=\"es-ES\"><b>Aminah Akram.<\/b><\/span><\/span><\/span><\/em><em><span style=\"font-family: Trebuchet MS, sans-serif;\"><span style=\"font-size: small;\"><span lang=\"es-ES\"> Joven musulmana activista de la asociaci\u00f3n Minhaj ul Quran, impartir\u00e1 una charla sobre las experiencias vividas por las j\u00f3venes musulmanes de origen paquistan\u00ed. <\/span><\/span><\/span><\/em><\/p>\n<p>&nbsp;<\/p>\n<p>Lugar: <a href=\"https:\/\/www.cto.patothom.org\/es\/contacto\/\" target=\"_blank\" rel=\"noopener\">Forn de teatre Pa&#8217;tothom<\/a><\/p>\n<p>Entrada libre<\/p>\n<p>Dentro del marco del Proyecto Europeo TIP (Theatre Tools for Islamophobia Prevention)<\/p>\n<p><a href=\"https:\/\/patothom.org\/\/proyectos_sociales_teatro.html#TIP_Theatre_Tools_for_Islamophobia_Prevention\" target=\"_blank\" rel=\"noopener\"><img loading=\"lazy\" decoding=\"async\" class=\"wp-image-2458 alignnone\" src=\"https:\/\/www.cto.patothom.org\/wp-content\/uploads\/2020\/01\/TIP-logo.jpg\" alt=\"\" width=\"116\" height=\"95\" srcset=\"https:\/\/www.patothom.org\/wp-content\/uploads\/2020\/01\/TIP-logo.jpg 863w, https:\/\/www.patothom.org\/wp-content\/uploads\/2020\/01\/TIP-logo-300x245.jpg 300w, https:\/\/www.patothom.org\/wp-content\/uploads\/2020\/01\/TIP-logo-768x627.jpg 768w, https:\/\/www.patothom.org\/wp-content\/uploads\/2020\/01\/TIP-logo-695x567.jpg 695w\" sizes=\"(max-width: 116px) 100vw, 116px\" \/><img loading=\"lazy\" decoding=\"async\" class=\"wp-image-2459 alignleft\" src=\"https:\/\/www.cto.patothom.org\/wp-content\/uploads\/2020\/01\/European_Commission.svg_-1024x710.png\" alt=\"\" width=\"107\" height=\"74\" srcset=\"https:\/\/www.patothom.org\/wp-content\/uploads\/2020\/01\/European_Commission.svg_-1024x710.png 1024w, https:\/\/www.patothom.org\/wp-content\/uploads\/2020\/01\/European_Commission.svg_-300x208.png 300w, https:\/\/www.patothom.org\/wp-content\/uploads\/2020\/01\/European_Commission.svg_-768x532.png 768w, https:\/\/www.patothom.org\/wp-content\/uploads\/2020\/01\/European_Commission.svg_-695x482.png 695w, https:\/\/www.patothom.org\/wp-content\/uploads\/2020\/01\/European_Commission.svg_-930x644.png 930w, https:\/\/www.patothom.org\/wp-content\/uploads\/2020\/01\/European_Commission.svg_.png 1280w\" sizes=\"(max-width: 107px) 100vw, 107px\" \/><\/a>","protected":false},"excerpt":{"rendered":"<p>CONFERENCIAS \u00bfIslamofobia? Un fen\u00f3meno a combatir S\u00e1bado 08 de febrero a las 11h: Lola L\u00f3pez. Antrop\u00f3loga. Experiencia en temas de interculturalidad y convivencia en la diversidad. Impulsora pol\u00edtica del Plan de Lucha contra la Islamofobia del Ayuntamiento de Barcelona. Miembro fundadora del colectivo Stop A los Fen\u00f3menos Islam\u00f2fobs (SAFI). Viernes, 21 de febrero a las<a class=\"moretag\" href=\"https:\/\/www.patothom.org\/es\/4-xerrades-sobre-islamofobia\/\" title=\"4 charlas sobre islamofobia\" target=\"_self\" rel=\"follow\"> Leer + <\/a><\/p>\n","protected":false},"author":5,"featured_media":2456,"comment_status":"closed","ping_status":"closed","sticky":false,"template":"","format":"standard","meta":{"footnotes":""},"categories":[114,3],"tags":[159,13,407,418,416,417],"_links":{"self":[{"href":"https:\/\/www.patothom.org\/es\/wp-json\/wp\/v2\/posts\/2454"}],"collection":[{"href":"https:\/\/www.patothom.org\/es\/wp-json\/wp\/v2\/posts"}],"about":[{"href":"https:\/\/www.patothom.org\/es\/wp-json\/wp\/v2\/types\/post"}],"author":[{"embeddable":true,"href":"https:\/\/www.patothom.org\/es\/wp-json\/wp\/v2\/users\/5"}],"replies":[{"embeddable":true,"href":"https:\/\/www.patothom.org\/es\/wp-json\/wp\/v2\/comments?post=2454"}],"version-history":[{"count":0,"href":"https:\/\/www.patothom.org\/es\/wp-json\/wp\/v2\/posts\/2454\/revisions"}],"wp:featuredmedia":[{"embeddable":true,"href":"https:\/\/www.patothom.org\/es\/wp-json\/wp\/v2\/media\/2456"}],"wp:attachment":[{"href":"https:\/\/www.patothom.org\/es\/wp-json\/wp\/v2\/media?parent=2454"}],"wp:term":[{"taxonomy":"category","embeddable":true,"href":"https:\/\/www.patothom.org\/es\/wp-json\/wp\/v2\/categories?post=2454"},{"taxonomy":"post_tag","embeddable":true,"href":"https:\/\/www.patothom.org\/es\/wp-json\/wp\/v2\/tags?post=2454"}],"curies":[{"name":"wp","href":"https:\/\/api.w.org\/{rel}","templated":true}]}}