{"id":3495,"date":"2022-05-29T20:49:31","date_gmt":"2022-05-29T19:49:31","guid":{"rendered":"https:\/\/www.patothom.org\/?p=3495"},"modified":"2022-05-30T10:50:17","modified_gmt":"2022-05-30T09:50:17","slug":"i-tu-com-menges-exposicio-de-sara-dlucas","status":"publish","type":"post","link":"https:\/\/www.patothom.org\/es\/i-tu-com-menges-exposicio-de-sara-dlucas\/","title":{"rendered":"\u00bfY t\u00fa, c\u00f3mo comes? Exposici\u00f3n de Sara dLucas"},"content":{"rendered":"<strong>\u00bfY t\u00fa, c\u00f3mo comes?<\/strong><\/p>\n<p>Exposici\u00f3n de<strong> Sara dLucas<\/strong><\/p>\n<p>Nos hemos planteado nunca como comemos? No el contenido del plato, sino el<br \/>\nproceso que realizamos en nuestras comidas.<br \/>\nAlrededor de la mesa, siempre ocurren hechos importantes, por mucho que sean<br \/>\nconversaciones, miradas o gestos. El comer convive con nosotrxs de manera<br \/>\ncotidiana, ya que si tenemos la surte del privilegio, podemos realizar la actividad<br \/>\ncomo m\u00ednimo tres veces al d\u00eda.<br \/>\nLa mayor\u00eda de los individuos no llegan a plantearse de qu\u00e9 manera comen, si le dan<br \/>\nun espacio, si lo comparten, si lo hacen delante de pantallas&#8230; Tambi\u00e9n entran<br \/>\nmuchos factores socio-culturales en juego, pero personalmente, disfruto las comidas<br \/>\nsola, o en compa\u00f1\u00eda, ya que intento darles el hueco en el d\u00eda que estas merecen<br \/>\nQui\u00e9n no disfruta de una buena cena bien acompa\u00f1adx?<br \/>\nComes con el tel\u00e9fono en mano?<br \/>\nPor lo tanto, me gustar\u00eda que en hacer el recorrido por estas obras, cada cual se<br \/>\nplanteara que espacio, motivo, y el c\u00f3mo de sus comidas diarias, no<br \/>\nespec\u00edficamente en d\u00edas de celebraci\u00f3n, simplemente en el d\u00eda a d\u00eda.<\/p>\n<p>INAUGURACI\u00d3N: viernes 3 de junio a partir de las 18,30h.<br \/>\nLa exposici\u00f3n se realiza en el Espai Cultural Forn de teatre Pa\u2019tothom<br \/>\nDirecci\u00f3n: Calle Lluna 5 en el multi \u00e9tnico y tur\u00edstico barrio El Raval en Barcelona.<\/p>\n<p>La exposici\u00f3n se puede visitar de lunes a viernes de 17h a 20:30 y estar\u00e1 hasta el dia 3 de julio.<\/p>\n<p>Organitza Arte Viva (Instagram: @@arte_viva56)","protected":false},"excerpt":{"rendered":"<p>\u00bfY t\u00fa, c\u00f3mo comes? Exposici\u00f3n de Sara dLucas Nos hemos planteado nunca como comemos? No el contenido del plato, sino el proceso que realizamos en nuestras comidas. Alrededor de la mesa, siempre ocurren hechos importantes, por mucho que sean conversaciones, miradas o gestos. El comer convive con nosotrxs de manera cotidiana, ya que si tenemos<a class=\"moretag\" href=\"https:\/\/www.patothom.org\/es\/i-tu-com-menges-exposicio-de-sara-dlucas\/\" title=\"\u00bfY t\u00fa, c\u00f3mo comes? Exposici\u00f3n de Sara dLucas\" target=\"_self\" rel=\"follow\"> Leer + <\/a><\/p>\n","protected":false},"author":5,"featured_media":3496,"comment_status":"closed","ping_status":"closed","sticky":false,"template":"","format":"standard","meta":{"footnotes":""},"categories":[3],"tags":[403,483,504],"_links":{"self":[{"href":"https:\/\/www.patothom.org\/es\/wp-json\/wp\/v2\/posts\/3495"}],"collection":[{"href":"https:\/\/www.patothom.org\/es\/wp-json\/wp\/v2\/posts"}],"about":[{"href":"https:\/\/www.patothom.org\/es\/wp-json\/wp\/v2\/types\/post"}],"author":[{"embeddable":true,"href":"https:\/\/www.patothom.org\/es\/wp-json\/wp\/v2\/users\/5"}],"replies":[{"embeddable":true,"href":"https:\/\/www.patothom.org\/es\/wp-json\/wp\/v2\/comments?post=3495"}],"version-history":[{"count":2,"href":"https:\/\/www.patothom.org\/es\/wp-json\/wp\/v2\/posts\/3495\/revisions"}],"predecessor-version":[{"id":3498,"href":"https:\/\/www.patothom.org\/es\/wp-json\/wp\/v2\/posts\/3495\/revisions\/3498"}],"wp:featuredmedia":[{"embeddable":true,"href":"https:\/\/www.patothom.org\/es\/wp-json\/wp\/v2\/media\/3496"}],"wp:attachment":[{"href":"https:\/\/www.patothom.org\/es\/wp-json\/wp\/v2\/media?parent=3495"}],"wp:term":[{"taxonomy":"category","embeddable":true,"href":"https:\/\/www.patothom.org\/es\/wp-json\/wp\/v2\/categories?post=3495"},{"taxonomy":"post_tag","embeddable":true,"href":"https:\/\/www.patothom.org\/es\/wp-json\/wp\/v2\/tags?post=3495"}],"curies":[{"name":"wp","href":"https:\/\/api.w.org\/{rel}","templated":true}]}}