{"id":3512,"date":"2022-07-08T11:18:04","date_gmt":"2022-07-08T10:18:04","guid":{"rendered":"https:\/\/www.patothom.org\/?p=3512"},"modified":"2022-07-08T12:19:59","modified_gmt":"2022-07-08T11:19:59","slug":"escola-destiu-de-lacademia-de-las-artes-escenicas-de-espana","status":"publish","type":"post","link":"https:\/\/www.patothom.org\/es\/escola-destiu-de-lacademia-de-las-artes-escenicas-de-espana\/","title":{"rendered":"Escuela de Verano de Academia de las Artes Esc\u00e9nicas de Espa\u00f1a"},"content":{"rendered":"El <strong>Forn de teatre Pa&#8217;tothom<\/strong> participar\u00e1 en la Escuela de Verano que organiza el Academia de las Artes Esc\u00e9nicas de Espa\u00f1a en Santander con una formaci\u00f3n en Teatro del Oprimido a cargo de <strong>Jordi Forcadas<\/strong>.<\/p>\n<p>La <strong>Academia de las Artes Esc\u00e9nicas de Espa\u00f1a<\/strong> en colaboraci\u00f3n con el Gobierno de Cantabria y la Universidad de Cantabria lanza por cuarta vez su <strong>Escuela de Verano del 18 al 21 de julio de 2022<\/strong>. Con el objetivo de descentralizar sus actividades, y siguiendo la l\u00ednea de a\u00f1os anteriores, esta edici\u00f3n tendr\u00e1 lugar en la ciudad de <strong>Santander<\/strong>, teniendo como sede principal la <strong>Filmoteca de Cantabria Mario Camus<\/strong>. Tambi\u00e9n el Palacio de Festivales de Cantabria acoger\u00e1 talleres y encuentros, y en las Naves de Gamazo tendr\u00e1 lugar alguna actividad.<\/p>\n<p>La propuesta de este a\u00f1o se presenta con el nombre\u00a0Santiago Onta\u00f1\u00f3n:<em><strong> La escena social<\/strong><\/em> y bajo la direcci\u00f3n de Eduardo Vasco. Ofrecer\u00e1 50 horas de formaci\u00f3n impartidas por referentes de las distintas disciplinas de las artes esc\u00e9nicas, as\u00ed como mesas redondas, clases magistrales y encuentros.<\/p>\n<p>Puedes consultar el <a href=\"https:\/\/www.academiadelasartesescenicas.es\/escueladeverano\/programa\/\" target=\"_blank\" rel=\"noopener\">programa en el siguiente enlace<\/a>.<\/p>\n<p>&nbsp;<\/p>\n<p><img loading=\"lazy\" decoding=\"async\" class=\"alignnone wp-image-3513 size-medium\" src=\"https:\/\/www.patothom.org\/wp-content\/uploads\/2022\/07\/poster2-300x210.jpg\" alt=\"Academia de las Artes Esc\u00e9nicas de Espa\u00f1a\" width=\"300\" height=\"210\" \/><\/p>\n<p>&nbsp;<\/p>\n<p>&nbsp;","protected":false},"excerpt":{"rendered":"<p>El Forn de teatre Pa&#8217;tothom participar\u00e1 en la Escuela de Verano que organiza el Academia de las Artes Esc\u00e9nicas de Espa\u00f1a en Santander con una formaci\u00f3n en Teatro del Oprimido a cargo de Jordi Forcadas. La Academia de las Artes Esc\u00e9nicas de Espa\u00f1a en colaboraci\u00f3n con el Gobierno de Cantabria y la Universidad de Cantabria<a class=\"moretag\" href=\"https:\/\/www.patothom.org\/es\/escola-destiu-de-lacademia-de-las-artes-escenicas-de-espana\/\" title=\"Escuela de Verano de Academia de las Artes Esc\u00e9nicas de Espa\u00f1a\" target=\"_self\" rel=\"follow\"> Leer + <\/a><\/p>\n","protected":false},"author":5,"featured_media":3528,"comment_status":"closed","ping_status":"closed","sticky":false,"template":"","format":"standard","meta":{"footnotes":""},"categories":[462,10],"tags":[508,186,190,497,183],"_links":{"self":[{"href":"https:\/\/www.patothom.org\/es\/wp-json\/wp\/v2\/posts\/3512"}],"collection":[{"href":"https:\/\/www.patothom.org\/es\/wp-json\/wp\/v2\/posts"}],"about":[{"href":"https:\/\/www.patothom.org\/es\/wp-json\/wp\/v2\/types\/post"}],"author":[{"embeddable":true,"href":"https:\/\/www.patothom.org\/es\/wp-json\/wp\/v2\/users\/5"}],"replies":[{"embeddable":true,"href":"https:\/\/www.patothom.org\/es\/wp-json\/wp\/v2\/comments?post=3512"}],"version-history":[{"count":1,"href":"https:\/\/www.patothom.org\/es\/wp-json\/wp\/v2\/posts\/3512\/revisions"}],"predecessor-version":[{"id":3515,"href":"https:\/\/www.patothom.org\/es\/wp-json\/wp\/v2\/posts\/3512\/revisions\/3515"}],"wp:featuredmedia":[{"embeddable":true,"href":"https:\/\/www.patothom.org\/es\/wp-json\/wp\/v2\/media\/3528"}],"wp:attachment":[{"href":"https:\/\/www.patothom.org\/es\/wp-json\/wp\/v2\/media?parent=3512"}],"wp:term":[{"taxonomy":"category","embeddable":true,"href":"https:\/\/www.patothom.org\/es\/wp-json\/wp\/v2\/categories?post=3512"},{"taxonomy":"post_tag","embeddable":true,"href":"https:\/\/www.patothom.org\/es\/wp-json\/wp\/v2\/tags?post=3512"}],"curies":[{"name":"wp","href":"https:\/\/api.w.org\/{rel}","templated":true}]}}