{"id":3583,"date":"2022-09-09T19:38:06","date_gmt":"2022-09-09T18:38:06","guid":{"rendered":"https:\/\/www.patothom.org\/?p=3583"},"modified":"2022-12-08T15:08:32","modified_gmt":"2022-12-08T14:08:32","slug":"curs-2022-23-inscripcions","status":"publish","type":"post","link":"https:\/\/www.patothom.org\/es\/curs-2022-23-inscripcions\/","title":{"rendered":"Curso 2022-23 &#8211; INSCRIPCIONES"},"content":{"rendered":"<strong>Curso 2022-23<\/strong><\/p>\n<p><strong>\u2013 Formaciones anuales.<\/strong> Puedes mirar la oferta que tenemos a lo largo del a\u00f1o con c\u00f3modos m\u00f3dulos trimestrales.<\/p>\n<ul>\n<li><a href=\"https:\/\/www.patothom.org\/es\/curs-2022-23-teatre-de-loprimit-forcadas\/\" target=\"_blank\" rel=\"noopener\">Teatro del Oprimido <\/a>\u2013 Jordi Forcadas<\/li>\n<li><a href=\"https:\/\/www.patothom.org\/es\/curs-22-23-interpretacio-david-franch\/\" target=\"_blank\" rel=\"noopener\">Interpretaci\u00f3n<\/a> \u2013 David Franch<\/li>\n<li><a href=\"https:\/\/www.patothom.org\/es\/curs-2022-23-expressio-corporal-andrea-lesko\/\">Expresi\u00f3n corporal<\/a> \u2013 Andrea Lesko<\/li>\n<li><a href=\"https:\/\/www.patothom.org\/es\/curs-2022-23-la-veu-i-els-personatges-j-p-mazorrra\/\">La VOZ y los personajes <\/a>\u2013\u00a0 Juan Pablo Mazorra<\/li>\n<li><a href=\"https:\/\/www.patothom.org\/es\/curs-2022-23-teatre-per-a-joves\/\" target=\"_blank\" rel=\"noopener\">Teatro para j\u00f3venes<\/a> \u2013 Jordi Forcadas <em>et alt<\/em>.<\/li>\n<\/ul>\n<p>&nbsp;<\/p>\n<p>Si tienes dificultades econ\u00f3micas puedes pedir <a href=\"https:\/\/www.patothom.org\/es\/formacion\/beques\/\" target=\"_blank\" rel=\"noopener\">una beca<\/a> (con el apoyo del ICUB).<\/p>\n<p><a href=\"https:\/\/www.patothom.org\/es\/formacion\/\">MIRA los PACKS FORMATIVOS.<\/a>","protected":false},"excerpt":{"rendered":"<p>Curso 2022-23 \u2013 Formaciones anuales. Puedes mirar la oferta que tenemos a lo largo del a\u00f1o con c\u00f3modos m\u00f3dulos trimestrales. Teatro del Oprimido \u2013 Jordi Forcadas Interpretaci\u00f3n \u2013 David Franch Expresi\u00f3n corporal \u2013 Andrea Lesko La VOZ y los personajes \u2013\u00a0 Juan Pablo Mazorra Teatro para j\u00f3venes \u2013 Jordi Forcadas et alt. &nbsp; Si tienes<a class=\"moretag\" href=\"https:\/\/www.patothom.org\/es\/curs-2022-23-inscripcions\/\" title=\"Curso 2022-23 &#8211; INSCRIPCIONES\" target=\"_self\" rel=\"follow\"> Leer + <\/a><\/p>\n","protected":false},"author":5,"featured_media":3571,"comment_status":"closed","ping_status":"closed","sticky":false,"template":"","format":"standard","meta":{"footnotes":""},"categories":[24,173,142,462,291,10],"tags":[17,370,512,401,516,515,514,510,517],"_links":{"self":[{"href":"https:\/\/www.patothom.org\/es\/wp-json\/wp\/v2\/posts\/3583"}],"collection":[{"href":"https:\/\/www.patothom.org\/es\/wp-json\/wp\/v2\/posts"}],"about":[{"href":"https:\/\/www.patothom.org\/es\/wp-json\/wp\/v2\/types\/post"}],"author":[{"embeddable":true,"href":"https:\/\/www.patothom.org\/es\/wp-json\/wp\/v2\/users\/5"}],"replies":[{"embeddable":true,"href":"https:\/\/www.patothom.org\/es\/wp-json\/wp\/v2\/comments?post=3583"}],"version-history":[{"count":3,"href":"https:\/\/www.patothom.org\/es\/wp-json\/wp\/v2\/posts\/3583\/revisions"}],"predecessor-version":[{"id":3626,"href":"https:\/\/www.patothom.org\/es\/wp-json\/wp\/v2\/posts\/3583\/revisions\/3626"}],"wp:featuredmedia":[{"embeddable":true,"href":"https:\/\/www.patothom.org\/es\/wp-json\/wp\/v2\/media\/3571"}],"wp:attachment":[{"href":"https:\/\/www.patothom.org\/es\/wp-json\/wp\/v2\/media?parent=3583"}],"wp:term":[{"taxonomy":"category","embeddable":true,"href":"https:\/\/www.patothom.org\/es\/wp-json\/wp\/v2\/categories?post=3583"},{"taxonomy":"post_tag","embeddable":true,"href":"https:\/\/www.patothom.org\/es\/wp-json\/wp\/v2\/tags?post=3583"}],"curies":[{"name":"wp","href":"https:\/\/api.w.org\/{rel}","templated":true}]}}