{"id":3658,"date":"2022-10-14T10:18:53","date_gmt":"2022-10-14T09:18:53","guid":{"rendered":"https:\/\/www.patothom.org\/?p=3658"},"modified":"2023-02-23T21:56:52","modified_gmt":"2023-02-23T20:56:52","slug":"festival-de-cultura-ravals-2022","status":"publish","type":"post","link":"https:\/\/www.patothom.org\/es\/festival-de-cultura-ravals-2022\/","title":{"rendered":"Festival de Cultura Raval(s) 2022"},"content":{"rendered":"El Festival de Cultura Raval(s) es un proceso de creaci\u00f3n art\u00edstica, comunitaria y participativa que tiene como finalidad principal promover la participaci\u00f3n del vecindario y de organizaciones muy diversas en el desarrollo de un proyecto sociocultural colaborativo com\u00fan con el cual se quiere fomentar un sentimiento de identidad y de corresponsabilidad hacia el barrio y su contexto sociocultural desde una mirada art\u00edstica y cultural diversa.<\/p>\n<p>Este a\u00f1o celebraremos la 20.\u00aa edici\u00f3n del Festival, que se celebrar\u00e1 este <strong>noviembre en varios espacios del barrio<\/strong>. En esta edici\u00f3n la tem\u00e1tica girar\u00e1 en el entorno de los 3 ejes de las anteriores ediciones: la lucha contra el cambio clim\u00e1tico, contra el racismo y contra la violencia machista. Pr\u00f3ximamente os daremos a conocer el programa de actividades.<\/p>\n<p>Organizado por la Fundaci\u00f3n Tot Raval.<\/p>\n<p>Este a\u00f1o el Forn de teatre Pa&#8217;tothom participar\u00e1 con \u00abLa insoportable banalitat del tema\u00bb obra de teatro foro contra la islamofobia.<\/p>\n<p>Visita el barrio!<\/p>\n<p>Fecha: 18 de noviembre de 2022<br \/>\nHora: 17h<br \/>\nLugar: Casal Municipal de Gent Gran Josep Tarradellas<\/p>\n<p>&nbsp;<\/p>\n<p>&nbsp;<\/p>\n<p><img loading=\"lazy\" decoding=\"async\" class=\"alignnone size-large wp-image-3716\" src=\"https:\/\/www.patothom.org\/wp-content\/uploads\/2022\/10\/Poster-Ravals-756x1024.jpg\" alt=\"Ravals 22 - Pa'tothom\" width=\"615\" height=\"833\" \/><\/p>\n<p>&nbsp;<\/p>\n<p>&nbsp;","protected":false},"excerpt":{"rendered":"<p>El Festival de Cultura Raval(s) es un proceso de creaci\u00f3n art\u00edstica, comunitaria y participativa que tiene como finalidad principal promover la participaci\u00f3n del vecindario y de organizaciones muy diversas en el desarrollo de un proyecto sociocultural colaborativo com\u00fan con el cual se quiere fomentar un sentimiento de identidad y de corresponsabilidad hacia el barrio y<a class=\"moretag\" href=\"https:\/\/www.patothom.org\/es\/festival-de-cultura-ravals-2022\/\" title=\"Festival de Cultura Raval(s) 2022\" target=\"_self\" rel=\"follow\"> Leer + <\/a><\/p>\n","protected":false},"author":5,"featured_media":3659,"comment_status":"closed","ping_status":"closed","sticky":false,"template":"","format":"standard","meta":{"footnotes":""},"categories":[94,114,24,425,291],"tags":[356,17,22,534,244,306,524,183,168],"_links":{"self":[{"href":"https:\/\/www.patothom.org\/es\/wp-json\/wp\/v2\/posts\/3658"}],"collection":[{"href":"https:\/\/www.patothom.org\/es\/wp-json\/wp\/v2\/posts"}],"about":[{"href":"https:\/\/www.patothom.org\/es\/wp-json\/wp\/v2\/types\/post"}],"author":[{"embeddable":true,"href":"https:\/\/www.patothom.org\/es\/wp-json\/wp\/v2\/users\/5"}],"replies":[{"embeddable":true,"href":"https:\/\/www.patothom.org\/es\/wp-json\/wp\/v2\/comments?post=3658"}],"version-history":[{"count":3,"href":"https:\/\/www.patothom.org\/es\/wp-json\/wp\/v2\/posts\/3658\/revisions"}],"predecessor-version":[{"id":3718,"href":"https:\/\/www.patothom.org\/es\/wp-json\/wp\/v2\/posts\/3658\/revisions\/3718"}],"wp:featuredmedia":[{"embeddable":true,"href":"https:\/\/www.patothom.org\/es\/wp-json\/wp\/v2\/media\/3659"}],"wp:attachment":[{"href":"https:\/\/www.patothom.org\/es\/wp-json\/wp\/v2\/media?parent=3658"}],"wp:term":[{"taxonomy":"category","embeddable":true,"href":"https:\/\/www.patothom.org\/es\/wp-json\/wp\/v2\/categories?post=3658"},{"taxonomy":"post_tag","embeddable":true,"href":"https:\/\/www.patothom.org\/es\/wp-json\/wp\/v2\/tags?post=3658"}],"curies":[{"name":"wp","href":"https:\/\/api.w.org\/{rel}","templated":true}]}}