{"id":3848,"date":"2024-03-31T11:37:45","date_gmt":"2024-03-31T10:37:45","guid":{"rendered":"https:\/\/www.patothom.org\/?p=3848"},"modified":"2025-04-04T13:33:57","modified_gmt":"2025-04-04T12:33:57","slug":"curs-basic-en-migracio-i-refugi-de-caritas-a-mataro","status":"publish","type":"post","link":"https:\/\/www.patothom.org\/es\/curs-basic-en-migracio-i-refugi-de-caritas-a-mataro\/","title":{"rendered":"\u00bbCurso b\u00e1sico en migraci\u00f3n y refugio\u00bb de C\u00e0ritas en Matar\u00f3"},"content":{"rendered":"Forn de teatre Pa&#8217;tothom colabora en el <em>\u00abCurso b\u00e1sico en migraci\u00f3n y refugio\u00bb<\/em> de C\u00e0ritas Matar\u00f3 i C\u00e0ritas Barcelona.<\/p>\n<p>A cargo de Forn de teatre Pa\u2019tothom, equipo de formadores de la Escuela de formaci\u00f3n del Voluntariado de CDB y agentes antitumores de. Institut Diversitas.<\/p>\n<p>Objectivos<\/p>\n<ul>\n<li>Reflexionar sobre el hecho de la diversidad cultural en nuestra sociedad y adquirir claves interpretativas para comprender la complejidad de nuestra sociedad desde el punto de vista de la diversidad cultural.<\/li>\n<li>Conocer algunas herramientas para el trabajo, la gesti\u00f3n y el tratamiento de estereotipos, prejuicios y rumores sobre diversidad cultural.<\/li>\n<\/ul>\n<p>&nbsp;<\/p>\n<p><b>Mustaf\u00e0 est\u00e0 en el rellano<br \/>\n<\/b><\/p>\n<p>Obra de teatro social a cargo de <b>Forn de teatre Pa\u2019tothom<\/b>, entidad de Barcelona especializada en Teatro del Oprimido<\/p>\n<p>Dirigida por: <strong>Jordi Forcadas<\/strong><\/p>\n<p>Interpretada por: <b>Judit Saula<\/b>, <b>Holga Pallej\u00e0<\/b>, <b>Al\u00ed Hamidou<\/b>, <b>Llu\u00eds Cases<\/b> i <b>Eduard Benito<\/b><\/p>\n<p>Sesi\u00f3n dinamizada por <b>Montse Forcadas<\/b><\/p>\n<p>&nbsp;<\/p>\n<p>En una comunidad de vecinos nos encontramos con un problema que afecta todo el mundo. A pesar de que hay una convivencia normal, ante ciertos intereses surgen conflictos donde ir\u00e1n aflorando actitudes cargadas de prejuicios y estereotipos respecto al otro. Esto crea una barrera comunicativa y una distancia que hace imposible encontrar una soluci\u00f3n conjunta.<\/p>\n<p><b>H<\/b><b>orario: <\/b>de 18.00 a 20.00 h<br \/>\n<b>Lugar:<\/b> Centre parroquial de Sant Josep. Carrer sant Josep, 18 de Matar\u00f3<br \/>\n<b>Com s\u2019hi arriba:<\/b> RENFE, l\u00ednia R1-Rodalies. <span style=\"color: #000000;\">A deu\/quinze minuts de l\u2019estaci\u00f3 de <\/span>Matar\u00f3<\/p>\n<p><b>Entrada gratuita. Plazas limitadas. Inscripci\u00f3n para asistir a la obra de teatro: <a href=\"https:\/\/forms.office.com\/e\/nAPTPeWsA7\">INSCRIPCI\u00d3 OBRA TEATRE<\/a><\/b><\/p>\n<p>Esta obra es la primera sesi\u00f3n del Curso b\u00e1sico en migraci\u00f3n y refugio, que se impartir\u00e1 cada lunes desde el 8 de abril al 13 de mayo de 2023. Se puede asistir a la obra de teatro independientemente de si se participa o no en el curso. Si est\u00e1s interesada en el curso escribe a recursos@caritasmataro.org<\/p>\n<p><strong>Personas destinatarias<\/strong><br \/>\nPersonas interesadas a formarse en el tema de la gesti\u00f3n de la diversidad cultural. Voluntarios y miembros de los grupos de C\u00e1ritas y de las comunidades cristianas y otras entidades que colaboren en proyectos de acci\u00f3n social, de atenci\u00f3n y acompa\u00f1amiento a personas reci\u00e9n llegadas.<\/p>\n<p>&nbsp;<\/p>\n<p><img loading=\"lazy\" decoding=\"async\" class=\"alignnone  wp-image-2167\" src=\"https:\/\/www.patothom.org\/wp-content\/uploads\/2019\/05\/logo_Caritas.jpg\" alt=\"Caritas, Forn de teatre Pa'tothom\" width=\"147\" height=\"151\" \/>","protected":false},"excerpt":{"rendered":"<p>Forn de teatre Pa&#8217;tothom colabora en el \u00abCurso b\u00e1sico en migraci\u00f3n y refugio\u00bb de C\u00e0ritas Matar\u00f3 i C\u00e0ritas Barcelona. A cargo de Forn de teatre Pa\u2019tothom, equipo de formadores de la Escuela de formaci\u00f3n del Voluntariado de CDB y agentes antitumores de. Institut Diversitas. Objectivos Reflexionar sobre el hecho de la diversidad cultural en nuestra<a class=\"moretag\" href=\"https:\/\/www.patothom.org\/es\/curs-basic-en-migracio-i-refugi-de-caritas-a-mataro\/\" title=\"\u00bbCurso b\u00e1sico en migraci\u00f3n y refugio\u00bb de C\u00e0ritas en Matar\u00f3\" target=\"_self\" rel=\"follow\"> Leer + <\/a><\/p>\n","protected":false},"author":5,"featured_media":3593,"comment_status":"closed","ping_status":"closed","sticky":false,"template":"","format":"standard","meta":{"footnotes":""},"categories":[3],"tags":[283,552,551,244,324,154],"_links":{"self":[{"href":"https:\/\/www.patothom.org\/es\/wp-json\/wp\/v2\/posts\/3848"}],"collection":[{"href":"https:\/\/www.patothom.org\/es\/wp-json\/wp\/v2\/posts"}],"about":[{"href":"https:\/\/www.patothom.org\/es\/wp-json\/wp\/v2\/types\/post"}],"author":[{"embeddable":true,"href":"https:\/\/www.patothom.org\/es\/wp-json\/wp\/v2\/users\/5"}],"replies":[{"embeddable":true,"href":"https:\/\/www.patothom.org\/es\/wp-json\/wp\/v2\/comments?post=3848"}],"version-history":[{"count":2,"href":"https:\/\/www.patothom.org\/es\/wp-json\/wp\/v2\/posts\/3848\/revisions"}],"predecessor-version":[{"id":4077,"href":"https:\/\/www.patothom.org\/es\/wp-json\/wp\/v2\/posts\/3848\/revisions\/4077"}],"wp:featuredmedia":[{"embeddable":true,"href":"https:\/\/www.patothom.org\/es\/wp-json\/wp\/v2\/media\/3593"}],"wp:attachment":[{"href":"https:\/\/www.patothom.org\/es\/wp-json\/wp\/v2\/media?parent=3848"}],"wp:term":[{"taxonomy":"category","embeddable":true,"href":"https:\/\/www.patothom.org\/es\/wp-json\/wp\/v2\/categories?post=3848"},{"taxonomy":"post_tag","embeddable":true,"href":"https:\/\/www.patothom.org\/es\/wp-json\/wp\/v2\/tags?post=3848"}],"curies":[{"name":"wp","href":"https:\/\/api.w.org\/{rel}","templated":true}]}}