{"id":4290,"date":"2025-10-24T09:22:20","date_gmt":"2025-10-24T08:22:20","guid":{"rendered":"https:\/\/www.patothom.org\/?p=4290"},"modified":"2025-10-27T15:57:44","modified_gmt":"2025-10-27T14:57:44","slug":"mustafa-es-al-repla-teatre-forum-per-dpt-treball-afers-socials-i-families-generalitat-de-catalunya-2","status":"publish","type":"post","link":"https:\/\/www.patothom.org\/es\/mustafa-es-al-repla-teatre-forum-per-dpt-treball-afers-socials-i-families-generalitat-de-catalunya-2\/","title":{"rendered":"\u201cMustaf\u00e0 \u00e9s al repl\u00e0\u201d Teatro Foro &#8211; Dpt Treball, Afers Socials i Fam\u00edlies \u2013 Generalitat de Catalunya"},"content":{"rendered":"<strong>\u00abMustaf\u00e0 est\u00e1 en el rellano\u00bb<\/strong><\/p>\n<p>Teatro foro \/ Teatro del Oprimido<\/p>\n<p>Tem\u00e1tica: Racismo. Discriminaci\u00f3n, rumores, estereotipos<br \/>\nApta para todo tipo de p\u00fablico<\/p>\n<p>Sinopsis<\/p>\n<p>En una comunidad de vecinos nos encontramos con un problema que afecta a todos. A pesar de que hay una convivencia normal, ante ciertos intereses surgen conflictos donde ir\u00e1n aflorando actitudes cargadas de prejuicios y estereotipos respecto al otro. Esto crea una barrera comunicativa y una distancia que hace imposible encontrar una soluci\u00f3n conjunta.<\/p>\n<p>Dirigida por: Jordi Forcadas<\/p>\n<p>Interpretada por: Meritxell An\u00e9, Judit Saula, Eduard Benito, Llu\u00eds Cases, Al\u00ed Hamidou, Silvia L\u00f3pez i Jordi Forcadas.<\/p>\n<p>Representaciones:<\/p>\n<ul>\n<li>mi\u00e9rcoles <b>5 de noviembre a les 18h<\/b> en CCC Barcelona Sants (Carrer de Violant d&#8217;Hongria, 135 baixos).<\/li>\n<li>lunes <b>17 de noviembre a les 17,30 h<\/b> en CCC Cornell\u00e0 de Llobregat &#8211; Sant Ildefons (Carrer d&#8217;Osona, s\/n).<\/li>\n<li>viernes <b>21 de noviembre a les 18h <\/b>en\u00a0CCC L&#8217;Hospitalet de Llobregat &#8211; Sanfeliu (Passeig dels Cirerers, 56-58)<\/li>\n<\/ul>\n<p><img loading=\"lazy\" decoding=\"async\" class=\"wp-image-3833\" src=\"https:\/\/www.patothom.org\/wp-content\/uploads\/2023\/11\/logo-generalitat.jpg\" alt=\"Logo Departament de Treball, Afers Socials i Fam\u00edlies de la Generalitat de Catalunya\" width=\"255\" height=\"73\" srcset=\"https:\/\/www.patothom.org\/wp-content\/uploads\/2023\/11\/logo-generalitat.jpg 474w, https:\/\/www.patothom.org\/wp-content\/uploads\/2023\/11\/logo-generalitat-300x86.jpg 300w\" sizes=\"(max-width: 255px) 100vw, 255px\" \/><\/p>\n<p>&nbsp;<\/p>\n<p><img loading=\"lazy\" decoding=\"async\" class=\"alignnone wp-image-4296\" src=\"https:\/\/www.patothom.org\/wp-content\/uploads\/2025\/10\/Mustafa_Patothom_2025_Sants_p-724x1024.jpg\" alt=\"Teatre f\u00f2rum contra el racisme\" width=\"470\" height=\"664\" \/><\/p>\n<p><img loading=\"lazy\" decoding=\"async\" class=\"alignnone wp-image-4294\" src=\"https:\/\/www.patothom.org\/wp-content\/uploads\/2025\/10\/Mustafa_teatre_2025_Cornella_p-724x1024.jpg\" alt=\"Teatre f\u00f2rum contra el racisme\" width=\"470\" height=\"664\" \/><\/p>\n<p><img loading=\"lazy\" decoding=\"async\" class=\"alignnone wp-image-4295\" src=\"https:\/\/www.patothom.org\/wp-content\/uploads\/2025\/10\/Mustafa_teatre_2025_Hospitalet_p-724x1024.jpg\" alt=\"Teatre f\u00f2rum contra el racisme\" width=\"478\" height=\"676\" \/>","protected":false},"excerpt":{"rendered":"<p>\u00abMustaf\u00e0 est\u00e1 en el rellano\u00bb Teatro foro \/ Teatro del Oprimido Tem\u00e1tica: Racismo. Discriminaci\u00f3n, rumores, estereotipos Apta para todo tipo de p\u00fablico Sinopsis En una comunidad de vecinos nos encontramos con un problema que afecta a todos. A pesar de que hay una convivencia normal, ante ciertos intereses surgen conflictos donde ir\u00e1n aflorando actitudes cargadas<a class=\"moretag\" href=\"https:\/\/www.patothom.org\/es\/mustafa-es-al-repla-teatre-forum-per-dpt-treball-afers-socials-i-families-generalitat-de-catalunya-2\/\" title=\"\u201cMustaf\u00e0 \u00e9s al repl\u00e0\u201d Teatro Foro &#8211; Dpt Treball, Afers Socials i Fam\u00edlies \u2013 Generalitat de Catalunya\" target=\"_self\" rel=\"follow\"> Leer + <\/a><\/p>\n","protected":false},"author":5,"featured_media":3593,"comment_status":"closed","ping_status":"closed","sticky":false,"template":"","format":"standard","meta":{"footnotes":""},"categories":[114,24,218,291],"tags":[],"_links":{"self":[{"href":"https:\/\/www.patothom.org\/es\/wp-json\/wp\/v2\/posts\/4290"}],"collection":[{"href":"https:\/\/www.patothom.org\/es\/wp-json\/wp\/v2\/posts"}],"about":[{"href":"https:\/\/www.patothom.org\/es\/wp-json\/wp\/v2\/types\/post"}],"author":[{"embeddable":true,"href":"https:\/\/www.patothom.org\/es\/wp-json\/wp\/v2\/users\/5"}],"replies":[{"embeddable":true,"href":"https:\/\/www.patothom.org\/es\/wp-json\/wp\/v2\/comments?post=4290"}],"version-history":[{"count":4,"href":"https:\/\/www.patothom.org\/es\/wp-json\/wp\/v2\/posts\/4290\/revisions"}],"predecessor-version":[{"id":4300,"href":"https:\/\/www.patothom.org\/es\/wp-json\/wp\/v2\/posts\/4290\/revisions\/4300"}],"wp:featuredmedia":[{"embeddable":true,"href":"https:\/\/www.patothom.org\/es\/wp-json\/wp\/v2\/media\/3593"}],"wp:attachment":[{"href":"https:\/\/www.patothom.org\/es\/wp-json\/wp\/v2\/media?parent=4290"}],"wp:term":[{"taxonomy":"category","embeddable":true,"href":"https:\/\/www.patothom.org\/es\/wp-json\/wp\/v2\/categories?post=4290"},{"taxonomy":"post_tag","embeddable":true,"href":"https:\/\/www.patothom.org\/es\/wp-json\/wp\/v2\/tags?post=4290"}],"curies":[{"name":"wp","href":"https:\/\/api.w.org\/{rel}","templated":true}]}}